{"id":8658,"date":"2026-08-31T15:14:00","date_gmt":"2026-08-31T12:14:00","guid":{"rendered":"https:\/\/butemmetal.com\/?p=8658"},"modified":"2026-09-01T09:50:14","modified_gmt":"2026-09-01T06:50:14","slug":"minimalizmden-karakterli-mekanlara-2026da-mimari-estetik-degisiyor-mu","status":"publish","type":"post","link":"https:\/\/butemmetal.com\/en\/blog\/minimalizmden-karakterli-mekanlara-2026da-mimari-estetik-degisiyor-mu\/","title":{"rendered":"From Minimalism to Character-Driven Spaces: Is Architectural Aesthetics Changing in 2026?"},"content":{"rendered":"<section id=\"g-elsbt5j\" class=\"section-g-elsbt5j gutentor-module gutentor-container-cover wp-block-gutentor-m3 alignfull has-gutentor-block-shape-top has-gutentor-block-shape-bottom has-image-bg has-custom-bg has-gutentor-overlay\"><div class=\"grid-container\"><\/div><\/section>\n\n\n\n<section id=\"g-orljhil\" class=\"section-g-orljhil gutentor-module gutentor-advanced-columns wp-block-gutentor-m4\"><div class=\"wp-block-gutentor-m4 grid-container\"><div class=\"grid-row\">\n<section id=\"col-g-rrssfis\" class=\"col-g-rrssfis wp-block-gutentor-m4-col grid-lg-12 grid-md-12 grid-12 gutentor-single-column  grid-lg-12  grid-md-12  grid-12\"><div id=\"section-g-rrssfis\" class=\"section-g-rrssfis gutentor-col-wrap\">\n<h1 class=\"wp-block-heading\">From Minimalism to Character-Driven Spaces: Is Architectural Aesthetics Changing in 2026?<\/h1>\n\n\n\n<p>For a period, the most distinctive language of modern architecture was defined by white walls, gray surfaces, black accents, simple geometries, and as few decorative elements as possible. Minimalism was not merely a design approach for many years; it almost became synonymous with the contemporary understanding of space. However, in recent years, a different trend has become increasingly visible in architecture and interior design. Warmer colors, dark woods, natural textures, rich surfaces, details inspired by the past, and more personalized spaces are once again taking center stage in the world of design. As we enter 2026, the question is no longer simply... <em>\u201cHas minimalism come to an end?\u201d<\/em> is no longer the question.<\/p>\n\n\n\n<p>The real question is:<\/p>\n\n\n\n<p>Are we moving completely away from minimalism, or are we simply reinterpreting it in a warmer, more characterful, and more human way?<\/p>\n\n\n\n<h2 class=\"wp-block-heading\"><strong>**How Has Architectural Aesthetics Changed from the 1980s to Today?**<\/strong><\/h2>\n\n\n\n<p>Architectural aesthetics have never remained static. In the 1980s and 1990s, interiors prominently featured wood, patterns, bold colors, glossy surfaces, metal details, and more decorative design approaches. Creating spaces with a distinct character, allowing materials to speak for themselves, and making decorative details an important part of the overall design were common practices.\n\nWith the arrival of the 2000s, however, the design language began to become significantly more streamlined. Particularly throughout the 2010s, white, gray, and black tones, open-plan layouts, glass surfaces, concrete, steel, and clean geometries became some of the defining visual codes of contemporary architecture. This shift was driven by more than just aesthetic preferences. Less visual clutter, functionality, ease of maintenance, timelessness, and the idea of a simpler way of living all contributed to the widespread adoption of minimalism.<\/p>\n\n\n\n<p>However, the prolonged use of the same visual language has also sparked a search for something different:<\/p>\n\n\n\n<p><strong>More character. More warmth. More personality.<\/strong><\/p>\n\n\n\n<figure class=\"wp-block-image size-large\"><img loading=\"lazy\" decoding=\"async\" width=\"1024\" height=\"576\" src=\"https:\/\/butemmetal.com\/wp-content\/uploads\/2026\/08\/mcdonalds-eski-ve-yeni-mimari-karsilastirmasi.jpg-1024x576.webp\" alt=\"Kurumsal mimaride minimalizm etkisi: Ge\u00e7mi\u015fin karakterli, s\u0131cak ve ne\u015feli tasar\u0131ma sahip eski McDonald's \u015fubesi ile g\u00fcn\u00fcm\u00fcz\u00fcn koyu renkli, sade ve tek tip mimari kimli\u011fine sahip \u015fubesinin de\u011fi\u015fimi.\" class=\"wp-image-8663\" srcset=\"https:\/\/butemmetal.com\/wp-content\/uploads\/2026\/08\/mcdonalds-eski-ve-yeni-mimari-karsilastirmasi.jpg-1024x576.webp 1024w, https:\/\/butemmetal.com\/wp-content\/uploads\/2026\/08\/mcdonalds-eski-ve-yeni-mimari-karsilastirmasi.jpg-300x169.webp 300w, https:\/\/butemmetal.com\/wp-content\/uploads\/2026\/08\/mcdonalds-eski-ve-yeni-mimari-karsilastirmasi.jpg-768x432.webp 768w, https:\/\/butemmetal.com\/wp-content\/uploads\/2026\/08\/mcdonalds-eski-ve-yeni-mimari-karsilastirmasi.jpg-1536x864.webp 1536w, https:\/\/butemmetal.com\/wp-content\/uploads\/2026\/08\/mcdonalds-eski-ve-yeni-mimari-karsilastirmasi.jpg-18x10.webp 18w, https:\/\/butemmetal.com\/wp-content\/uploads\/2026\/08\/mcdonalds-eski-ve-yeni-mimari-karsilastirmasi.jpg.webp 1920w\" sizes=\"auto, (max-width: 1024px) 100vw, 1024px\" \/><\/figure>\n\n\n\n<h2 class=\"wp-block-heading\">Is Minimalism Really Coming to an End?<\/h2>\n\n\n\n<p>Actually, no.<\/p>\n\n\n\n<p>It may not be accurate to interpret the shift seen in 2026 as the \u201ccomplete end of minimalism.\u201d Rather, we can describe it as the evolution of minimalism into a warmer and more layered interpretation. Design forecasts for 2026 indicate that designers are gravitating toward richer wood tones, warm neutrals, earthy colors, and textured surfaces. In particular, there is a noticeable shift away from overly sterile spaces dominated by white and gray toward warmer, more characterful atmospheres.\n\nFor this reason, the change we are witnessing today can be summarized as follows:<\/p>\n\n\n\n<p><strong>There are still fewer furnishings.<\/strong> <\/p>\n\n\n\n<p><strong>Simple geometry is still present.<\/strong><\/p>\n\n\n\n<p><strong>Functionality still matters.<\/strong><\/p>\n\n\n\n<p>However, alongside these elements, we are now seeing: <em>color, texture, materials, and personal expression.<\/em> are now taking up more space. In other words, architectural aesthetics are not abandoning minimalism; they are expanding its boundaries.<\/p>\n\n\n\n<h2 class=\"wp-block-heading\">Why Are Warmer Colors Gaining Prominence in 2026?<\/h2>\n\n\n\n<p>Recently, warm neutrals, shades of brown, terracotta, olive green, warm beiges, and deeper tones have become increasingly prominent in the design world.<\/p>\n\n\n\n<p>Design trend analyses for 2026 also indicate that designers are seeking greater warmth, depth, and personality. Neutrals such as white and gray are not disappearing entirely; instead, they are increasingly being paired with richer, more layered tones.<\/p>\n\n\n\n<p>Bu de\u011fi\u015fimin \u00f6nemli bir nedeni de mek\u00e2nlar\u0131n yaln\u0131zca \u201ctemiz ve modern\u201d g\u00f6r\u00fcnmesinin art\u0131k yeterli g\u00f6r\u00fclmemesi. Bir mek\u00e2n\u0131n ayn\u0131 zamanda hissettirmesi bekleniyor. S\u0131cak renkler, do\u011fal malzemeler ve dokulu y\u00fczeyler bu noktada mek\u00e2na daha davetk\u00e2r ve ki\u015fisel bir atmosfer kazand\u0131rabiliyor. Bu nedenle 2026&#8217;n\u0131n estetik anlay\u0131\u015f\u0131nda renk yaln\u0131zca dekoratif bir se\u00e7im olmaktan \u00e7\u0131karak mek\u00e2n\u0131n karakterini olu\u015fturan ara\u00e7lardan biri haline geliyor.<\/p>\n\n\n\n<figure class=\"wp-block-image size-large\"><img loading=\"lazy\" decoding=\"async\" width=\"1024\" height=\"683\" src=\"https:\/\/butemmetal.com\/wp-content\/uploads\/2026\/08\/iga-vip-terminal-ahsap-gorunumlu-metal-tavan.jpg-1024x683.jpg\" alt=\"\u0130GA VIP Terminali i\u00e7 mek\u00e2n tasar\u0131m\u0131nda uygulanan, mek\u00e2na do\u011fal bir s\u0131cakl\u0131k ve derinlik kazand\u0131ran ah\u015fap g\u00f6r\u00fcn\u00fcml\u00fc lineer metal tavan sistemi.\" class=\"wp-image-8664\" srcset=\"https:\/\/butemmetal.com\/wp-content\/uploads\/2026\/08\/iga-vip-terminal-ahsap-gorunumlu-metal-tavan.jpg-1024x683.jpg 1024w, https:\/\/butemmetal.com\/wp-content\/uploads\/2026\/08\/iga-vip-terminal-ahsap-gorunumlu-metal-tavan.jpg-300x200.jpg 300w, https:\/\/butemmetal.com\/wp-content\/uploads\/2026\/08\/iga-vip-terminal-ahsap-gorunumlu-metal-tavan.jpg-768x512.jpg 768w, https:\/\/butemmetal.com\/wp-content\/uploads\/2026\/08\/iga-vip-terminal-ahsap-gorunumlu-metal-tavan.jpg-1536x1024.jpg 1536w, https:\/\/butemmetal.com\/wp-content\/uploads\/2026\/08\/iga-vip-terminal-ahsap-gorunumlu-metal-tavan.jpg-2048x1365.jpg 2048w, https:\/\/butemmetal.com\/wp-content\/uploads\/2026\/08\/iga-vip-terminal-ahsap-gorunumlu-metal-tavan.jpg-18x12.jpg 18w, https:\/\/butemmetal.com\/wp-content\/uploads\/2026\/08\/iga-vip-terminal-ahsap-gorunumlu-metal-tavan.jpg-1200x800.jpg 1200w\" sizes=\"auto, (max-width: 1024px) 100vw, 1024px\" \/><\/figure>\n\n\n\n<h2 class=\"wp-block-heading\">Ah\u015fab\u0131n Geri D\u00f6n\u00fc\u015f\u00fc Ne Anlama Geliyor?<\/h2>\n\n\n\n<p>Bu d\u00f6n\u00fc\u015f\u00fcm\u00fcn en dikkat \u00e7ekici unsurlar\u0131ndan biri ah\u015fab\u0131n yeniden g\u00fc\u00e7l\u00fc bi\u00e7imde \u00f6ne \u00e7\u0131kmas\u0131.<\/p>\n\n\n\n<p class=\"has-black-color has-text-color has-link-color wp-elements-35595292302903be2f040ffa31904ca4\">\u00d6zellikle koyu ceviz tonlar\u0131, daha yo\u011fun ah\u015fap dokular\u0131 ve malzemenin do\u011fal karakterini koruyan y\u00fczeyler g\u00fcncel tasar\u0131m d\u00fcnyas\u0131nda dikkat \u00e7ekiyor. <a href=\"https:\/\/www.elledecor.com\/design-decorate\/trends\/a69811787\/furniture-trends-2026\/?utm_source=chatgpt.com\" target=\"_blank\" rel=\"noopener\" title=\"\"><strong>2026 tasar\u0131m trendlerine ili\u015fkin de\u011ferlendirmelerde koyu ah\u015faplar\u0131n ve do\u011fal varyasyonlar\u0131n\u0131 g\u00f6steren y\u00fczeylerin daha fazla tercih edildi\u011fi g\u00f6r\u00fcl\u00fcyor.<\/strong><\/a><\/p>\n\n\n\n<p>Burada ilgin\u00e7 olan nokta ise ah\u015fab\u0131n ge\u00e7mi\u015fteki kullan\u0131m bi\u00e7iminin birebir geri d\u00f6nmemesi.<\/p>\n\n\n\n<p>2026&#8217;da ah\u015fap;<\/p>\n\n\n\n<ul class=\"wp-block-list\">\n<li>sade geometrilerle,<\/li>\n\n\n\n<li>modern metal y\u00fczeylerle,<\/li>\n\n\n\n<li>do\u011fal ta\u015flarla,<\/li>\n\n\n\n<li>n\u00f6tr renklerle,<\/li>\n\n\n\n<li>\u00e7a\u011fda\u015f ayd\u0131nlatma \u00e7\u00f6z\u00fcmleriyle<\/li>\n<\/ul>\n\n\n\n<p>birlikte kullan\u0131labiliyor.<\/p>\n\n\n\n<p>Yani ge\u00e7mi\u015fin s\u0131cakl\u0131\u011f\u0131, g\u00fcn\u00fcm\u00fcz\u00fcn daha sade mimari diliyle yeniden yorumlan\u0131yor. Bu nedenle 2026&#8217;daki e\u011filimi basit\u00e7e <strong>\u201c90&#8217;lara d\u00f6n\u00fc\u015f\u201d<\/strong> olarak de\u011ferlendirmek yerine, ge\u00e7mi\u015ften al\u0131nan malzeme ve renk anlay\u0131\u015f\u0131n\u0131n \u00e7a\u011fda\u015f tasar\u0131mla yeniden yorumlanmas\u0131 olarak g\u00f6rmek daha do\u011fru olabilir.<\/p>\n\n\n\n<h2 class=\"wp-block-heading\">Metal Art\u0131k So\u011fuk Bir Malzeme Olmak Zorunda m\u0131?<\/h2>\n\n\n\n<p>Metal uzun s\u00fcre modern ve end\u00fcstriyel mimarinin so\u011fuk y\u00fcz\u00fcyle ili\u015fkilendirildi. Siyah metal profiller, gri y\u00fczeyler, beton ve camla birlikte kullan\u0131lan metal elemanlar minimalist mimarinin g\u00fc\u00e7l\u00fc g\u00f6rsel kodlar\u0131ndan biri haline geldi. Ancak metalin mimari karakteri yaln\u0131zca rengiyle belirlenmiyor.<\/p>\n\n\n\n<p><strong>Y\u00fczey, form, renk, doku ve birlikte kullan\u0131ld\u0131\u011f\u0131 malzemeler metalin mek\u00e2ndaki alg\u0131s\u0131n\u0131 tamamen de\u011fi\u015ftirebilir.<\/strong><\/p>\n\n\n\n<p>\u00d6rne\u011fin koyu renkli ve mat bir metal y\u00fczey daha end\u00fcstriyel bir atmosfer olu\u015fturabilirken, ah\u015fap tonlar\u0131yla birlikte kullan\u0131lan metal elemanlar daha s\u0131cak bir mimari karakter yaratabilir.<\/p>\n\n\n\n<p>Benzer \u015fekilde metalin;<\/p>\n\n\n\n<ul class=\"wp-block-list\">\n<li>ah\u015fap,<\/li>\n\n\n\n<li>ta\u015f,<\/li>\n\n\n\n<li>tekstil,<\/li>\n\n\n\n<li>do\u011fal renkler<\/li>\n\n\n\n<li>ve s\u0131cak ayd\u0131nlatma<\/li>\n<\/ul>\n\n\n\n<p>ile birlikte kullan\u0131lmas\u0131, malzemenin alg\u0131s\u0131n\u0131 daha yumu\u015fak ve b\u00fct\u00fcnc\u00fcl hale getirebilir. Bu nedenle g\u00fcn\u00fcm\u00fczde as\u0131l mesele <strong>\u201c<\/strong>metal kullanmak m\u0131, kullanmamak m\u0131?<strong>\u201d<\/strong> is no longer the question. <strong>Metali mek\u00e2n\u0131n genel malzeme dili i\u00e7erisinde nas\u0131l konumland\u0131rd\u0131\u011f\u0131m\u0131z.<\/strong><\/p>\n\n\n\n<figure class=\"wp-block-image size-large\"><img loading=\"lazy\" decoding=\"async\" width=\"576\" height=\"1024\" src=\"https:\/\/butemmetal.com\/wp-content\/uploads\/2026\/08\/mimari-malzeme-uyumu-ahsap-metal-konsept-panosu.jpg-576x1024.webp\" alt=\"2026 i\u00e7 mimari trendlerini yans\u0131tan; s\u0131cak n\u00f6tr tonlar, do\u011fal malzemeler ve ah\u015fap g\u00f6r\u00fcn\u00fcml\u00fc metal sistemlerin kusursuz uyumunu g\u00f6steren estetik malzeme konsept g\u00f6rseli.\" class=\"wp-image-8666\" srcset=\"https:\/\/butemmetal.com\/wp-content\/uploads\/2026\/08\/mimari-malzeme-uyumu-ahsap-metal-konsept-panosu.jpg-576x1024.webp 576w, https:\/\/butemmetal.com\/wp-content\/uploads\/2026\/08\/mimari-malzeme-uyumu-ahsap-metal-konsept-panosu.jpg-169x300.webp 169w, https:\/\/butemmetal.com\/wp-content\/uploads\/2026\/08\/mimari-malzeme-uyumu-ahsap-metal-konsept-panosu.jpg-768x1365.webp 768w, https:\/\/butemmetal.com\/wp-content\/uploads\/2026\/08\/mimari-malzeme-uyumu-ahsap-metal-konsept-panosu.jpg-864x1536.webp 864w, https:\/\/butemmetal.com\/wp-content\/uploads\/2026\/08\/mimari-malzeme-uyumu-ahsap-metal-konsept-panosu.jpg-7x12.webp 7w, https:\/\/butemmetal.com\/wp-content\/uploads\/2026\/08\/mimari-malzeme-uyumu-ahsap-metal-konsept-panosu.jpg.webp 1080w\" sizes=\"auto, (max-width: 576px) 100vw, 576px\" \/><\/figure>\n\n\n\n<h2 class=\"wp-block-heading\">Malzeme Kontrast\u0131 Yerini Malzeme Uyuma m\u0131 B\u0131rak\u0131yor?<\/h2>\n\n\n\n<p>Modern mimaride farkl\u0131 malzemeleri bir arada kullanmak yeni bir yakla\u015f\u0131m de\u011fil.<\/p>\n\n\n\n<p>Ancak g\u00fcn\u00fcm\u00fczde bu birliktelik daha kontroll\u00fc ve katmanl\u0131 bi\u00e7imde ele al\u0131n\u0131yor.<\/p>\n\n\n\n<p>Ah\u015fab\u0131n s\u0131cakl\u0131\u011f\u0131 ile metalin teknik karakteri, ta\u015f\u0131n do\u011fal dokusu ile cam\u0131n \u015feffafl\u0131\u011f\u0131 ayn\u0131 mek\u00e2nda birbirini dengeleyebiliyor.<\/p>\n\n\n\n<p>Burada ama\u00e7 her malzemenin ayr\u0131 ayr\u0131 \u00f6ne \u00e7\u0131kmas\u0131 de\u011fil.<\/p>\n\n\n\n<p><strong>Malzemelerin birlikte bir atmosfer olu\u015fturmas\u0131.<\/strong><\/p>\n\n\n\n<p>\u00d6rne\u011fin ah\u015fap g\u00f6r\u00fcn\u00fcml\u00fc bir metal y\u00fczey, do\u011fal ah\u015fab\u0131n s\u0131cak g\u00f6rsel etkisini metalin \u00fcretim ve uygulama olanaklar\u0131yla bir araya getirebilir.<\/p>\n\n\n\n<p>Bu yakla\u015f\u0131m \u00f6zellikle geni\u015f y\u00fczeylerde ve tavan tasar\u0131mlar\u0131nda farkl\u0131 bir tasar\u0131m dili olu\u015fturabilir.<\/p>\n\n\n\n<p>B\u00f6ylece metal tavan yaln\u0131zca mek\u00e2n\u0131n teknik ihtiya\u00e7lar\u0131n\u0131 kar\u015f\u0131layan bir eleman olmaktan \u00e7\u0131karak, genel malzeme kompozisyonunun bir par\u00e7as\u0131na d\u00f6n\u00fc\u015febilir.<\/p>\n\n\n\n<h2 class=\"wp-block-heading\">Mimari Estetik Neden Daha Ki\u015fisel Hale Geliyor?<\/h2>\n\n\n\n<p>G\u00fcn\u00fcm\u00fczde tasar\u0131m\u0131n \u00f6nemli bir b\u00f6l\u00fcm\u00fc dijital platformlar \u00fczerinden \u015fekilleniyor.<\/p>\n\n\n\n<p>Pinterest, Instagram ve benzeri platformlar sayesinde mimari ve i\u00e7 mek\u00e2n \u00f6rnekleri daha \u00f6nce hi\u00e7 olmad\u0131\u011f\u0131 kadar h\u0131zl\u0131 yay\u0131l\u0131yor.<\/p>\n\n\n\n<p>Bu durum bir yandan belirli estetiklerin k\u00fcresel \u00f6l\u00e7ekte yay\u0131lmas\u0131n\u0131 sa\u011flarken di\u011fer yandan birbirine benzeyen mek\u00e2nlar\u0131n \u00e7o\u011falmas\u0131na da neden oluyor.<\/p>\n\n\n\n<p>Tam da bu nedenle tasar\u0131m d\u00fcnyas\u0131nda <em>ki\u015fiselle\u015ftirme <\/em>giderek daha \u00f6nemli hale geliyor.<\/p>\n\n\n\n<p class=\"has-black-color has-text-color has-link-color wp-elements-147e4a054f7b5c329b5f228caf98c884\"><a href=\"https:\/\/www.architecturaldigest.com\/story\/ad-pro-2026-interior-design-forecast?utm_source=chatgpt.com\" target=\"_blank\" rel=\"noopener\" title=\"\"><strong>2026 i\u00e7 mek\u00e2n \u00f6ng\u00f6r\u00fclerinde de ki\u015fisel ifade, eklektik kullan\u0131m, daha zengin renkler ve karakterli detaylar\u0131n \u00f6ne \u00e7\u0131kt\u0131\u011f\u0131 g\u00f6r\u00fcl\u00fcyor.<\/strong><\/a> Architectural Digest&#8217;in 2026 i\u00e7 mek\u00e2n \u00f6ng\u00f6r\u00fclerinde de n\u00f6tr ve son derece sade mek\u00e2nlardan daha ki\u015fisel, renkli ve katmanl\u0131 tasar\u0131mlara do\u011fru bir hareket vurgulan\u0131yor.<\/p>\n\n\n\n<p>Bu de\u011fi\u015fim mimari a\u00e7\u0131dan \u00f6nemli bir noktaya i\u015faret ediyor:<\/p>\n\n\n\n<p><strong>\u0130yi tasar\u0131m art\u0131k yaln\u0131zca kusursuz g\u00f6r\u00fcnmek de\u011fil, bir kimlik ta\u015f\u0131mak da istiyor.<\/strong><\/p>\n\n\n\n<h2 class=\"wp-block-heading\">Ge\u00e7mi\u015fe D\u00f6n\u00fc\u015f m\u00fc, Ge\u00e7mi\u015fin Yeniden Yorumu mu?<\/h2>\n\n\n\n<p>Bug\u00fcn sosyal medyada 1970&#8217;ler, 1980&#8217;ler ve 1990&#8217;lara ait i\u00e7 mek\u00e2nlar\u0131n yeniden g\u00fcndeme gelmesi tesad\u00fcf de\u011fil.<\/p>\n\n\n\n<p>Koyu ah\u015faplar, s\u0131cak renkler, heykelsi formlar, parlak y\u00fczeyler ve daha dekoratif detaylar \u00e7a\u011fda\u015f tasar\u0131m\u0131n i\u00e7inde yeniden yorumlan\u0131yor.<\/p>\n\n\n\n<p class=\"has-black-color has-text-color has-link-color wp-elements-8b2aef23b3248db2d7e7bbaab86f9248\">2026&#8217;da <a href=\"https:\/\/www.architecturaldigest.com\/story\/neo-deco-decor?utm_source=chatgpt.com\" target=\"_blank\" rel=\"noopener\" title=\"\"><strong>\u201cNeo Deco\u201d gibi yakla\u015f\u0131mlar\u0131n \u00f6ne \u00e7\u0131kmas\u0131 <\/strong><\/a>da ge\u00e7mi\u015f tasar\u0131m dillerinin \u00e7a\u011fda\u015f bi\u00e7imde yeniden ele al\u0131nd\u0131\u011f\u0131n\u0131 g\u00f6steriyor. Art Deco&#8217;nun zengin renk, doku ve malzeme anlay\u0131\u015f\u0131n\u0131n g\u00fcn\u00fcm\u00fcz tasar\u0131m\u0131na uyarlanmas\u0131 bunun g\u00fcncel \u00f6rneklerinden biri.<\/p>\n\n\n\n<p>Ancak burada \u00f6nemli bir fark var.<\/p>\n\n\n\n<p>Mimarl\u0131k ge\u00e7mi\u015fi kopyalam\u0131yor.<\/p>\n\n\n\n<p><strong>Ge\u00e7mi\u015ften sevilen unsurlar\u0131 al\u0131yor, onlar\u0131 bug\u00fcn\u00fcn ihtiya\u00e7lar\u0131 ve estetik anlay\u0131\u015f\u0131yla yeniden yorumluyor.<\/strong><\/p>\n\n\n\n<p>Bu nedenle 2026&#8217;n\u0131n tasar\u0131m dili ne tamamen minimalist ne de tamamen maksimalist.<\/p>\n\n\n\n<p>\u0130ki yakla\u015f\u0131m aras\u0131nda daha ki\u015fisel bir denge ar\u0131yor.<\/p>\n\n\n\n<h2 class=\"wp-block-heading\">Bu De\u011fi\u015fim Tavan Tasar\u0131m\u0131na Nas\u0131l Yans\u0131yor?<\/h2>\n\n\n\n<p>Mimari estetikteki bu d\u00f6n\u00fc\u015f\u00fcm yaln\u0131zca mobilya, duvar veya zeminlerde g\u00f6r\u00fclm\u00fcyor.<\/p>\n\n\n\n<p>Tavanlar da mek\u00e2n\u0131n genel karakterinin \u00f6nemli bir par\u00e7as\u0131 haline geliyor.<\/p>\n\n\n\n<p>Renk, panel geometrisi, y\u00fczey dokusu ve malzeme se\u00e7imi; tavan\u0131n mek\u00e2n i\u00e7erisinde nas\u0131l alg\u0131lanaca\u011f\u0131n\u0131 do\u011frudan etkileyebiliyor.<\/p>\n\n\n\n<p class=\"has-black-color has-text-color has-link-color wp-elements-1eb962d93cf201b5f35a9c7b9afe6c5c\">\u00d6zellikle <a href=\"https:\/\/butemmetal.com\/en\/metal-tavan-sistemleri\/metal-asma-tavan-sistemleri\/\" target=\"_blank\" rel=\"noopener\" title=\"\"><strong>metal tavan sistemlerinde<\/strong> <\/a>farkl\u0131 y\u00fczey ve renk se\u00e7enekleri, minimalist ve teknik bir g\u00f6r\u00fcn\u00fcmden daha s\u0131cak ve karakterli bir atmosfere ge\u00e7i\u015f i\u00e7in kullan\u0131labiliyor.<\/p>\n\n\n\n<p>\u00d6rne\u011fin lineer bir tavan geometrisi;<\/p>\n\n\n\n<p><strong>siyah + gri + beton<\/strong><\/p>\n\n\n\n<p>ile birlikte daha end\u00fcstriyel bir karakter olu\u015fturabilirken,<\/p>\n\n\n\n<p><strong>ah\u015fap g\u00f6r\u00fcn\u00fcm\u00fc + s\u0131cak tonlar + yumu\u015fak ayd\u0131nlatma<\/strong><\/p>\n\n\n\n<p>ile \u00e7ok daha s\u0131cak bir atmosfer yaratabilir.<\/p>\n\n\n\n<p>Bu noktada tavan art\u0131k yaln\u0131zca \u00fcst y\u00fczey olarak g\u00f6r\u00fclm\u00fcyor.<\/p>\n\n\n\n<p><strong>Mek\u00e2n\u0131n malzeme hik\u00e2yesinin bir par\u00e7as\u0131 haline geliyor.<\/strong><\/p>\n\n\n\n<h2 class=\"wp-block-heading\">Ah\u015fap G\u00f6r\u00fcn\u00fcml\u00fc Metal Y\u00fczeyler Bu D\u00f6n\u00fc\u015f\u00fcmde Nas\u0131l Bir Rol Oynayabilir?<\/h2>\n\n\n\n<p>Mimari tasar\u0131mda do\u011fal malzemelerin s\u0131cakl\u0131\u011f\u0131n\u0131 modern \u00fcretim teknikleriyle bir araya getirme aray\u0131\u015f\u0131, farkl\u0131 y\u00fczey \u00e7\u00f6z\u00fcmlerinin \u00f6nemini art\u0131r\u0131yor.<\/p>\n\n\n\n<p>Ah\u015fap g\u00f6r\u00fcn\u00fcml\u00fc metal sistemler bu a\u00e7\u0131dan dikkat \u00e7ekici bir alternatif olu\u015fturabiliyor.<\/p>\n\n\n\n<p>Metal altyap\u0131n\u0131n teknik \u00f6zelliklerini korurken ah\u015fab\u0131n g\u00f6rsel karakterinden yararlanmak, \u00f6zellikle geni\u015f tavan y\u00fczeylerinde farkl\u0131 bir tasar\u0131m dili olu\u015fturabiliyor.<\/p>\n\n\n\n<p class=\"has-black-color has-text-color has-link-color wp-elements-3d2dff59efdca9ed2f2eb9ff043758a9\"><a href=\"https:\/\/butemmetal.com\/en\/metal-tavan-sistemleri\/lineer\/baffle\/\" target=\"_blank\" rel=\"noopener\" title=\"\"><strong>Baffle Suspended Ceiling<\/strong> <\/a>gibi <a href=\"https:\/\/butemmetal.com\/en\/lineer\/\" target=\"_blank\" rel=\"noopener\" title=\"\"><strong>lineer sistemlerde<\/strong><\/a> ah\u015fap g\u00f6r\u00fcn\u00fcm\u00fcn\u00fcn kullan\u0131lmas\u0131 ise y\u00fczeyde ritim olu\u015fturan d\u00fc\u015fey elemanlarla s\u0131cak malzeme alg\u0131s\u0131n\u0131 bir araya getirebiliyor.<\/p>\n\n\n\n<p>Bu yakla\u015f\u0131m;<\/p>\n\n\n\n<ul class=\"wp-block-list\">\n<li>ofislerde,<\/li>\n\n\n\n<li>otel ve konaklama alanlar\u0131nda,<\/li>\n\n\n\n<li>havalimanlar\u0131nda,<\/li>\n\n\n\n<li>ticari yap\u0131larda,<\/li>\n\n\n\n<li>sosyal alanlarda<\/li>\n<\/ul>\n\n\n\n<p>mek\u00e2n\u0131n daha s\u0131cak ve karakterli alg\u0131lanmas\u0131na katk\u0131 sa\u011flayabilir.<\/p>\n\n\n\n<p>B\u00f6ylece metal, mimari estetik i\u00e7erisinde yaln\u0131zca \u201cteknik\u201d veya \u201cend\u00fcstriyel\u201d bir malzeme olarak de\u011fil, farkl\u0131 tasar\u0131m dillerine uyum sa\u011flayabilen esnek bir y\u00fczey olarak de\u011ferlendirilebilir.<\/p>\n\n\n\n<h2 class=\"wp-block-heading\">2026&#8217;n\u0131n Mimari Esteti\u011fi Nereye Gidiyor?<\/h2>\n\n\n\n<p>Belki de bug\u00fcn ya\u015fanan de\u011fi\u015fimi tek bir trend kelimesiyle a\u00e7\u0131klamak m\u00fcmk\u00fcn de\u011fil.<\/p>\n\n\n\n<p>Minimalizm h\u00e2l\u00e2 var.<\/p>\n\n\n\n<p>Do\u011fal malzemeler h\u00e2l\u00e2 var.<\/p>\n\n\n\n<p>Modern ve sade geometriler h\u00e2l\u00e2 var.<\/p>\n\n\n\n<p>Ancak bunlar\u0131n yan\u0131na daha fazla <em>renk, doku, malzeme \u00e7e\u015fitlili\u011fi ve ki\u015fisel ifade<\/em> ekleniyor.<\/p>\n\n\n\n<p>Bu nedenle 2026&#8217;n\u0131n mimari esteti\u011fini \u015f\u00f6yle tan\u0131mlamak m\u00fcmk\u00fcn:<\/p>\n\n\n\n<p><strong>Daha az de\u011fil, daha anlaml\u0131.<\/strong><\/p>\n\n\n\n<p><strong>Daha sade de\u011fil, daha dengeli.<\/strong><\/p>\n\n\n\n<p><strong>Ge\u00e7mi\u015fi kopyalamayan ama ge\u00e7mi\u015ften ilham alan.<\/strong><\/p>\n\n\n\n<p>And perhaps most importantly:<\/p>\n\n\n\n<p><strong>Kusursuz g\u00f6r\u00fcnmekten \u00e7ok karakter sahibi olmay\u0131 \u00f6nemseyen mek\u00e2nlar.<\/strong><\/p>\n\n\n\n<p>Mimarl\u0131\u011f\u0131n gelece\u011fi minimalizmi tamamen terk etmekten ziyade, onun daha s\u0131cak ve insani bir yorumunu geli\u015ftirmek olabilir.<\/p>\n\n\n\n<p>Metal y\u00fczeyler de bu d\u00f6n\u00fc\u015f\u00fcm\u00fcn d\u0131\u015f\u0131nda de\u011fil.<\/p>\n\n\n\n<p>Do\u011fru renk, doku, form ve malzeme birlikteli\u011fiyle metal; so\u011fuk ve end\u00fcstriyel bir y\u00fczeyden s\u0131cak, sofistike ve karakterli bir mimari elemana d\u00f6n\u00fc\u015febilir.<\/p>\n\n\n\n<p>Sonu\u00e7ta iyi bir mimari estetik tek bir trendi takip etmekle olu\u015fmuyor.<\/p>\n\n\n\n<p><strong>As\u0131l mesele, farkl\u0131 d\u00f6nemlerden, malzemelerden ve tasar\u0131m anlay\u0131\u015flar\u0131ndan gelen unsurlar\u0131 bug\u00fcn\u00fcn ihtiya\u00e7lar\u0131yla uyumlu bir b\u00fct\u00fcn haline getirebilmek.<\/strong><\/p>\n\n\n\n<p>Belki de 2026&#8217;da mimari esteti\u011fin de\u011fi\u015fti\u011fini s\u00f6ylemekten \u00e7ok, <em>mimari esteti\u011fin yeniden \u00e7e\u015fitlendi\u011fini<\/em> s\u00f6ylemek daha do\u011fru.<\/p>\n\n\n\n<p>Ve bu \u00e7e\u015fitlilik, mek\u00e2nlar\u0131n birbirine benzedi\u011fi bir d\u00f6nemden, yeniden kendi karakterini buldu\u011fu bir d\u00f6neme ge\u00e7i\u015fin i\u015fareti olabilir.<\/p>\n<\/div><\/section>\n<\/div><\/div><\/section>\n\n\n\n<h1 class=\"wp-block-heading\"><\/h1>","protected":false},"excerpt":{"rendered":"","protected":false},"author":3,"featured_media":8660,"comment_status":"closed","ping_status":"closed","sticky":false,"template":"","format":"standard","meta":{"_joinchat":[],"footnotes":""},"categories":[10,110],"tags":[],"class_list":["post-8658","post","type-post","status-publish","format-standard","has-post-thumbnail","hentry","category-blog","category-blog-tr"],"aioseo_notices":[],"gutentor_comment":0,"_links":{"self":[{"href":"https:\/\/butemmetal.com\/en\/wp-json\/wp\/v2\/posts\/8658","targetHints":{"allow":["GET"]}}],"collection":[{"href":"https:\/\/butemmetal.com\/en\/wp-json\/wp\/v2\/posts"}],"about":[{"href":"https:\/\/butemmetal.com\/en\/wp-json\/wp\/v2\/types\/post"}],"author":[{"embeddable":true,"href":"https:\/\/butemmetal.com\/en\/wp-json\/wp\/v2\/users\/3"}],"replies":[{"embeddable":true,"href":"https:\/\/butemmetal.com\/en\/wp-json\/wp\/v2\/comments?post=8658"}],"version-history":[{"count":8,"href":"https:\/\/butemmetal.com\/en\/wp-json\/wp\/v2\/posts\/8658\/revisions"}],"predecessor-version":[{"id":8679,"href":"https:\/\/butemmetal.com\/en\/wp-json\/wp\/v2\/posts\/8658\/revisions\/8679"}],"wp:featuredmedia":[{"embeddable":true,"href":"https:\/\/butemmetal.com\/en\/wp-json\/wp\/v2\/media\/8660"}],"wp:attachment":[{"href":"https:\/\/butemmetal.com\/en\/wp-json\/wp\/v2\/media?parent=8658"}],"wp:term":[{"taxonomy":"category","embeddable":true,"href":"https:\/\/butemmetal.com\/en\/wp-json\/wp\/v2\/categories?post=8658"},{"taxonomy":"post_tag","embeddable":true,"href":"https:\/\/butemmetal.com\/en\/wp-json\/wp\/v2\/tags?post=8658"}],"curies":[{"name":"wp","href":"https:\/\/api.w.org\/{rel}","templated":true}]}}